{"id":173,"date":"2025-11-24T15:45:42","date_gmt":"2025-11-24T14:45:42","guid":{"rendered":"https:\/\/kampanj.dn.se\/vattenfall\/?p=173"},"modified":"2025-12-02T11:53:11","modified_gmt":"2025-12-02T10:53:11","slug":"prognosen-hur-blir-elpriset-i-vinter","status":"publish","type":"post","link":"https:\/\/kampanj.dn.se\/vattenfall\/prognosen-hur-blir-elpriset-i-vinter\/","title":{"rendered":"Prognosen: Hur blir elpriset i vinter?"},"content":{"rendered":"<p>[et_pb_section fb_built=&#8221;1&#8243; _builder_version=&#8221;4.27.4&#8243; _module_preset=&#8221;default&#8221; use_background_color_gradient=&#8221;on&#8221; background_color_gradient_stops=&#8221;rgba(255,255,255,0) 44%|rgba(0,0,0,0.4) 100%&#8221; background_image=&#8221;https:\/\/kampanj.dn.se\/vattenfall\/wp-content\/uploads\/2025\/11\/vattenfall-prognos-1.jpg&#8221; background_position=&#8221;bottom_center&#8221; background_vertical_offset=&#8221;30%&#8221; background_blend=&#8221;overlay&#8221; background_enable_video_mp4=&#8221;off&#8221; min_height=&#8221;600px&#8221; min_height_tablet=&#8221;499px&#8221; min_height_phone=&#8221;320px&#8221; min_height_last_edited=&#8221;on|phone&#8221; height=&#8221;88vh&#8221; height_tablet=&#8221;85vh&#8221; height_phone=&#8221;78vh&#8221; height_last_edited=&#8221;on|phone&#8221; max_height=&#8221;1200px&#8221; max_height_tablet=&#8221;1200px&#8221; max_height_phone=&#8221;450px&#8221; max_height_last_edited=&#8221;on|desktop&#8221; background_last_edited=&#8221;off|phone&#8221; background_image_tablet=&#8221;https:\/\/kampanj.expressen.se\/vattenfall\/wp-content\/uploads\/2025\/11\/a-3.jpg&#8221; background_enable_image_tablet=&#8221;on&#8221; background_position_tablet=&#8221;center_right&#8221; background_position_phone=&#8221;center_right&#8221; background_horizontal_offset_tablet=&#8221;26%&#8221; locked=&#8221;off&#8221; global_colors_info=&#8221;{}&#8221; theme_builder_area=&#8221;post_content&#8221;][et_pb_row _builder_version=&#8221;4.27.4&#8243; _module_preset=&#8221;default&#8221; positioning=&#8221;absolute&#8221; position_origin_a=&#8221;bottom_center&#8221; vertical_offset=&#8221;60px&#8221; vertical_offset_tablet=&#8221;50px&#8221; vertical_offset_phone=&#8221;40px&#8221; vertical_offset_last_edited=&#8221;on|phone&#8221; width_tablet=&#8221;80%&#8221; width_phone=&#8221;90%&#8221; width_last_edited=&#8221;on|phone&#8221; max_width=&#8221;520px&#8221; custom_padding=&#8221;||0px||false|false&#8221; locked=&#8221;off&#8221; global_colors_info=&#8221;{}&#8221; theme_builder_area=&#8221;post_content&#8221;][et_pb_column type=&#8221;4_4&#8243; _builder_version=&#8221;4.27.2&#8243; _module_preset=&#8221;default&#8221; global_colors_info=&#8221;{}&#8221; theme_builder_area=&#8221;post_content&#8221;][et_pb_text _builder_version=&#8221;4.27.4&#8243; _module_preset=&#8221;default&#8221; header_text_color=&#8221;#FFFFFF&#8221; header_font_size=&#8221;70px&#8221; header_letter_spacing=&#8221;-1px&#8221; header_font_size_tablet=&#8221;68px&#8221; header_font_size_phone=&#8221;38px&#8221; header_font_size_last_edited=&#8221;on|phone&#8221; header_letter_spacing_last_edited=&#8221;off|phone&#8221; header_text_shadow_style=&#8221;preset3&#8243; header_text_shadow_blur_strength=&#8221;0.4em&#8221; header_text_shadow_color=&#8221;rgba(0,0,0,0.3)&#8221; global_colors_info=&#8221;{}&#8221; theme_builder_area=&#8221;post_content&#8221;]<\/p>\n<h1>Prognosen: Hur&nbsp;blir elpriset i vinter?<\/h1>\n<p>[\/et_pb_text][\/et_pb_column][\/et_pb_row][\/et_pb_section][et_pb_section fb_built=&#8221;1&#8243; _builder_version=&#8221;4.27.4&#8243; _module_preset=&#8221;default&#8221; custom_padding=&#8221;40px||40px||true|false&#8221; locked=&#8221;off&#8221; global_colors_info=&#8221;{}&#8221; theme_builder_area=&#8221;post_content&#8221;][et_pb_row _builder_version=&#8221;4.27.4&#8243; _module_preset=&#8221;default&#8221; width=&#8221;90%&#8221; max_width=&#8221;520px&#8221; module_alignment=&#8221;center&#8221; custom_padding=&#8221;0px||0px||true|false&#8221; global_colors_info=&#8221;{}&#8221; theme_builder_area=&#8221;post_content&#8221;][et_pb_column type=&#8221;4_4&#8243; _builder_version=&#8221;4.27.4&#8243; _module_preset=&#8221;default&#8221; global_colors_info=&#8221;{}&#8221; theme_builder_area=&#8221;post_content&#8221;][et_pb_text module_class=&#8221;ingress txt-sans&#8221; _builder_version=&#8221;4.27.4&#8243; _module_preset=&#8221;default&#8221; text_font=&#8221;|700|||||||&#8221; text_font_size=&#8221;20px&#8221; custom_margin=&#8221;||27px||false|false&#8221; text_font_size_tablet=&#8221;20px&#8221; text_font_size_phone=&#8221;19px&#8221; text_font_size_last_edited=&#8221;on|phone&#8221; global_colors_info=&#8221;{}&#8221; theme_builder_area=&#8221;post_content&#8221;]<\/p>\n<p>Elpriset har sv\u00e4ngt kraftigt de senaste \u00e5ren \u2013 och inf\u00f6r vintern \u00e4r os\u00e4kerheten fortsatt stor. Vad \u00e4r det som avg\u00f6r vilka elpriser vi f\u00e5r, och hur b\u00f6r man t\u00e4nka som konsument?<\/p>\n<p>[\/et_pb_text][\/et_pb_column][\/et_pb_row][et_pb_row column_structure=&#8221;3_5,2_5&#8243; _builder_version=&#8221;4.27.4&#8243; _module_preset=&#8221;default&#8221; width=&#8221;90%&#8221; max_width=&#8221;520px&#8221; module_alignment=&#8221;center&#8221; custom_margin=&#8221;||27px||false|false&#8221; custom_padding=&#8221;0px||0px||true|false&#8221; locked=&#8221;off&#8221; global_colors_info=&#8221;{}&#8221; theme_builder_area=&#8221;post_content&#8221;][et_pb_column type=&#8221;3_5&#8243; _builder_version=&#8221;4.27.4&#8243; _module_preset=&#8221;default&#8221; global_colors_info=&#8221;{}&#8221; theme_builder_area=&#8221;post_content&#8221;][et_pb_text _builder_version=&#8221;4.27.4&#8243; _module_preset=&#8221;default&#8221; text_font=&#8221;||||||||&#8221; custom_margin=&#8221;||22px||false|false&#8221; global_colors_info=&#8221;{}&#8221; theme_builder_area=&#8221;post_content&#8221;]<\/p>\n<p><a href=\"https:\/\/ad.doubleclick.net\/ddm\/trackclk\/N912306.3144904BONNIERNEWS\/B32229863.433958597;dc_trk_aid=628288312;dc_trk_cid=218483945;dc_lat=;dc_rdid=;tag_for_child_directed_treatment=;tfua=;ltd=;dc_tdv=1\" target=\"_blank\" rel=\"noopener\">EXTERN L\u00c4NK: V\u00e4lj ett vinterv\u00e4nligt elavtal<\/a><\/p>\n<p>[\/et_pb_text][et_pb_text _builder_version=&#8221;4.27.4&#8243; _module_preset=&#8221;default&#8221; text_font=&#8221;||||||||&#8221; custom_margin=&#8221;||||false|false&#8221; global_colors_info=&#8221;{}&#8221; theme_builder_area=&#8221;post_content&#8221;]<\/p>\n<p>Med elkrisen 2022\/2023 i f\u00e4rskt minne \u00e4r det m\u00e5nga som oroar sig f\u00f6r h\u00f6ga elpriser i vinter. \u00c4ven om sv\u00e4ngningarna p\u00e5 marknaden l\u00e4r forts\u00e4tta, tror inte experterna att vi kommer att se lika extrema priser, \u00e4ven om det skulle bli en kall och bister vinter.<\/p>\n<p>Men att f\u00f6rutsp\u00e5 elpriserna \u00e4r sv\u00e5rt, till och med f\u00f6r experterna eftersom s\u00e5 m\u00e5nga faktorer spelar in.<\/p>\n<p>[\/et_pb_text][\/et_pb_column][et_pb_column type=&#8221;2_5&#8243; _builder_version=&#8221;4.27.4&#8243; _module_preset=&#8221;default&#8221; animation_style=&#8221;slide&#8221; animation_direction=&#8221;right&#8221; animation_duration=&#8221;700ms&#8221; animation_intensity_slide=&#8221;30%&#8221; animation_direction_tablet=&#8221;center&#8221; animation_direction_phone=&#8221;center&#8221; animation_direction_last_edited=&#8221;on|phone&#8221; global_colors_info=&#8221;{}&#8221; theme_builder_area=&#8221;post_content&#8221;][et_pb_image src=&#8221;https:\/\/kampanj.dn.se\/vattenfall\/wp-content\/uploads\/2025\/11\/vattenfall-jens-berggren-1&#215;1-1.jpg&#8221; title_text=&#8221;vattenfall-jens-berggren&#8221; src_tablet=&#8221;https:\/\/kampanj.dn.se\/vattenfall\/wp-content\/uploads\/2025\/11\/vattenfall-jens-berggren.jpg&#8221; src_phone=&#8221;https:\/\/kampanj.dn.se\/vattenfall\/wp-content\/uploads\/2025\/11\/vattenfall-jens-berggren.jpg&#8221; src_last_edited=&#8221;on|desktop&#8221; _builder_version=&#8221;4.27.4&#8243; _module_preset=&#8221;default&#8221; custom_margin=&#8221;10px||10px||false|false&#8221; border_radii_tablet=&#8221;on|0%|0%|0%|0%&#8221; border_radii_phone=&#8221;on|0%|0%|0%|0%&#8221; border_radii_last_edited=&#8221;off|desktop&#8221; global_colors_info=&#8221;{}&#8221; theme_builder_area=&#8221;post_content&#8221;][\/et_pb_image][et_pb_text module_class=&#8221;bildtext txt-sans&#8221; _builder_version=&#8221;4.27.4&#8243; _module_preset=&#8221;default&#8221; text_text_color=&#8221;#0D0D0D&#8221; text_font_size=&#8221;15px&#8221; text_line_height=&#8221;1.3em&#8221; custom_margin=&#8221;||||false|false&#8221; global_colors_info=&#8221;{}&#8221; theme_builder_area=&#8221;post_content&#8221;]<\/p>\n<p>Jens Berggren, klimatcoach p\u00e5 Vattenfall<\/p>\n<p>[\/et_pb_text][\/et_pb_column][\/et_pb_row][et_pb_row _builder_version=&#8221;4.27.4&#8243; _module_preset=&#8221;default&#8221; width=&#8221;90%&#8221; max_width=&#8221;520px&#8221; module_alignment=&#8221;center&#8221; custom_padding=&#8221;0px||0px||true|false&#8221; global_colors_info=&#8221;{}&#8221; theme_builder_area=&#8221;post_content&#8221;][et_pb_column type=&#8221;4_4&#8243; _builder_version=&#8221;4.27.4&#8243; _module_preset=&#8221;default&#8221; global_colors_info=&#8221;{}&#8221; theme_builder_area=&#8221;post_content&#8221;][et_pb_text _builder_version=&#8221;4.27.4&#8243; _module_preset=&#8221;default&#8221; text_font=&#8221;||||||||&#8221; custom_margin=&#8221;||||false|false&#8221; global_colors_info=&#8221;{}&#8221; theme_builder_area=&#8221;post_content&#8221;]\u2013 Elpriset s\u00e4tts d\u00e4r utbud och efterfr\u00e5gan m\u00f6ts, s\u00e5 de prognoser som g\u00f6rs \u00e4r i grunden kvalificerade gissningar baserade p\u00e5 bland annat v\u00e4der, konjunktur och v\u00e4rldsl\u00e4get, s\u00e4ger Jens Berggren, klimatcoach p\u00e5 Vattenfall.[\/et_pb_text][et_pb_text _builder_version=&#8221;4.27.4&#8243; _module_preset=&#8221;default&#8221; text_font=&#8221;||||||||&#8221; custom_margin=&#8221;||27px||false|false&#8221; global_colors_info=&#8221;{}&#8221; theme_builder_area=&#8221;post_content&#8221;]<\/p>\n<h2>V\u00e4dret styr<\/h2>\n<p>En stor anledning till att priserna sv\u00e4nger \u00e4r v\u00e5rt v\u00e4derberoende system.<\/p>\n<p>\u2013 N\u00e4r v\u00e4dret \u00e4r gynnsamt pressas priserna ned av den fossilfria produktionen, men om det inte bl\u00e5ser, finns lite vatten i v\u00e5ra magasin och \u00e4r kallt s\u00e4tts elpriset, \u00e4ven i Sverige, ofta av dyr fossil produktion i andra l\u00e4nder. Detta eftersom vi \u00e4r en del av den europeiska elmarknaden, f\u00f6rklarar Jens Berggren.<\/p>\n<p>Meteorologernas l\u00e5ngtidsprognoser inf\u00f6r vintern pekar mot ett s\u00e5 kallat La Ni\u00f1a-\u00e5r, vilket kan inneb\u00e4ra en bl\u00f6tare, bl\u00e5sigare och blidare inledning. Men att det blir s\u00e5 \u00e4r l\u00e5ngt ifr\u00e5n s\u00e4kert.<\/p>\n<p>\u2013 La Ni\u00f1a samverkar n\u00e4mligen med polarvirveln \u00f6ver Arktis via jetstr\u00f6mmar och kan ge utbrott av kall luft som str\u00f6mmar ner \u00f6ver Skandinavien. D\u00e5 f\u00e5r vi perioder av kall, klar och stilla vinter. Kombinationen av La Ni\u00f1a och en instabil arktisk virvel brukar ge ett mer dynamiskt och sv\u00e5rprognosticerat vinterm\u00f6nster i Skandinavien. Perioder med starka h\u00f6gtryck ger ovanligt kallt, torrt och stilla medan vi ocks\u00e5 kan f\u00e5 snabba skiften till mildare, bl\u00f6tare och bl\u00e5sigare v\u00e4der n\u00e4r jetstr\u00f6mmen \u00e5tertar kraft. Det kan allts\u00e5 n\u00e4stan bli vilket v\u00e4der som helst fram\u00f6ver om man ska tro experterna.<\/p>\n<p>[\/et_pb_text][et_pb_image src=&#8221;https:\/\/kampanj.dn.se\/vattenfall\/wp-content\/uploads\/2025\/11\/vattenfall-prognos-2.jpg&#8221; title_text=&#8221;vattenfall-prognos-2&#8243; _builder_version=&#8221;4.27.4&#8243; _module_preset=&#8221;default&#8221; custom_margin=&#8221;30px||30px||true|false&#8221; animation_style=&#8221;fade&#8221; border_radii=&#8221;on|8px|8px|8px|8px&#8221; global_colors_info=&#8221;{}&#8221; theme_builder_area=&#8221;post_content&#8221;][\/et_pb_image][et_pb_text _builder_version=&#8221;4.27.4&#8243; _module_preset=&#8221;default&#8221; text_font=&#8221;||||||||&#8221; custom_margin=&#8221;||||false|false&#8221; global_colors_info=&#8221;{}&#8221; theme_builder_area=&#8221;post_content&#8221;]<\/p>\n<h2>Flera faktorer p\u00e5verkar<\/h2>\n<p>F\u00f6rutom v\u00e4dret finns andra faktorer som kan p\u00e5verka elpriset kraftigt.<\/p>\n<p>\u2013 Om vi f\u00e5r snabbstopp i n\u00e5gon stor produktionsanl\u00e4ggning som till exempel ett k\u00e4rnkraftverk eller om n\u00e5got geopolitiskt h\u00e4nder som p\u00e5verkar tillg\u00e5ngen till och priset p\u00e5 br\u00e4nslen kan det ha snabb p\u00e5verkan.<\/p>\n<p>I Sverige ger vattenkraften stor trygghet j\u00e4mf\u00f6rt med m\u00e5nga andra l\u00e4nder.<\/p>\n<p>\u2013 I allm\u00e4nhet \u00e4r v\u00e5r vattenkraft en utm\u00e4rkt \u201dkrockkudde\u201d f\u00f6r elpriserna med sina stora magasin med lagrad energi och just i \u00e5r har vi haft mycket vatten i dammarna, menar Jens Berggren.<\/p>\n<p>[\/et_pb_text][\/et_pb_column][\/et_pb_row][et_pb_row use_custom_gutter=&#8221;on&#8221; gutter_width=&#8221;2&#8243; _builder_version=&#8221;4.27.4&#8243; _module_preset=&#8221;default&#8221; width=&#8221;90%&#8221; width_tablet=&#8221;80%&#8221; width_phone=&#8221;90%&#8221; width_last_edited=&#8221;off|tablet&#8221; max_width_tablet=&#8221;640px&#8221; max_width_phone=&#8221;640px&#8221; max_width_last_edited=&#8221;on|tablet&#8221; custom_margin=&#8221;40px||40px||true|false&#8221; custom_padding=&#8221;0px||0px||true|false&#8221; locked=&#8221;off&#8221; global_colors_info=&#8221;{}&#8221; theme_builder_area=&#8221;post_content&#8221;][et_pb_column type=&#8221;4_4&#8243; admin_label=&#8221;V\u00e4nster&#8221; _builder_version=&#8221;4.25.1&#8243; _module_preset=&#8221;default&#8221; animation_style=&#8221;fade&#8221; global_colors_info=&#8221;{}&#8221; theme_builder_area=&#8221;post_content&#8221;][et_pb_image src=&#8221;https:\/\/kampanj.dn.se\/vattenfall\/wp-content\/uploads\/2025\/11\/woman-laundry-1.jpg&#8221; title_text=&#8221;woman-laundry-1&#8243; src_tablet=&#8221;https:\/\/kampanj.expressen.se\/vattenfall\/wp-content\/uploads\/2025\/11\/al-7.jpg&#8221; src_phone=&#8221;https:\/\/kampanj.expressen.se\/vattenfall\/wp-content\/uploads\/2025\/11\/al-7.jpg&#8221; src_last_edited=&#8221;off|desktop&#8221; _builder_version=&#8221;4.27.4&#8243; _module_preset=&#8221;default&#8221; custom_margin=&#8221;0px||0px||false|false&#8221; custom_padding=&#8221;0px||0px||true|false&#8221; global_colors_info=&#8221;{}&#8221; theme_builder_area=&#8221;post_content&#8221;][\/et_pb_image][\/et_pb_column][\/et_pb_row][et_pb_row _builder_version=&#8221;4.27.4&#8243; _module_preset=&#8221;default&#8221; width=&#8221;90%&#8221; max_width=&#8221;520px&#8221; module_alignment=&#8221;center&#8221; custom_padding=&#8221;0px||0px||true|false&#8221; global_colors_info=&#8221;{}&#8221; theme_builder_area=&#8221;post_content&#8221;][et_pb_column type=&#8221;4_4&#8243; _builder_version=&#8221;4.27.4&#8243; _module_preset=&#8221;default&#8221; global_colors_info=&#8221;{}&#8221; theme_builder_area=&#8221;post_content&#8221;][et_pb_text _builder_version=&#8221;4.27.4&#8243; _module_preset=&#8221;default&#8221; text_font=&#8221;||||||||&#8221; custom_margin=&#8221;||27px||false|false&#8221; global_colors_info=&#8221;{}&#8221; theme_builder_area=&#8221;post_content&#8221;]<\/p>\n<h2>S\u00e5 kan du som konsument t\u00e4nka<\/h2>\n<p>Hur ska man d\u00e5 t\u00e4nka som konsument, med tanke p\u00e5 att det \u00e4r s\u00e5 sv\u00e5rt att f\u00f6rutsp\u00e5 priserna fram\u00e5t? Jens Berggren menar att det viktigaste \u00e4r att utg\u00e5 fr\u00e5n sig sj\u00e4lv och vilken niv\u00e5 av trygghet man vill ha snarare \u00e4n att f\u00f6rs\u00f6ka f\u00f6rutsp\u00e5 priset.<\/p>\n<p>\u2013 \u00c4r du en s\u00e5dan person som vill h\u00e4nga med i sv\u00e4ngningarna p\u00e5 marknaden och har m\u00f6jlighet att anpassa din f\u00f6rbrukning beroende p\u00e5 priset, d\u00e5 kan r\u00f6rligt m\u00e5nads- eller kvartspris vara n\u00e5got f\u00f6r dig. Vill du i st\u00e4llet ha tryggheten i att i f\u00f6rv\u00e4g veta vilket pris d\u00e5 f\u00e5r betala f\u00f6r varje kWh under hela vintern, oavsett v\u00e4der och omv\u00e4rld, ja d\u00e5 \u00e4r nog ett fast avtal b\u00e4ttre f\u00f6r dig. D\u00e4r kan du v\u00e4lja om priset ska g\u00e4lla i 6 m\u00e5nader, 1 \u00e5r eller 3 \u00e5r.<\/p>\n<p>F\u00f6r den som har sv\u00e5rt att v\u00e4lja har Vattenfall nyligen lanserat en gyllene medelv\u00e4g: mixat elpris.<\/p>\n<p>\u2013 Med mixat pris har h\u00e4lften av din el r\u00f6rligt m\u00e5nadspris och h\u00e4lften fast. D\u00e5 f\u00e5r du lite av b\u00e5da v\u00e4rldar, s\u00e4ger Jens Berggren.<\/p>\n<p>Han menar ocks\u00e5 att man inte beh\u00f6ver vara s\u00e5 orolig \u00f6ver elpriserna.<\/p>\n<p>\u2013 Oftast \u00e4r elkostnaden en ganska liten del av hush\u00e5llsekonomin. S\u00e5 v\u00e4lj ett avtal du \u00e4r bekv\u00e4m med. Ditt elavtal \u00e4r ju faktiskt n\u00e5got som ska ge och inte ta energi.<\/p>\n<p>[\/et_pb_text][et_pb_text module_class=&#8221;txt-sans&#8221; _builder_version=&#8221;4.27.4&#8243; _module_preset=&#8221;default&#8221; text_font=&#8221;Arial||||||||&#8221; text_text_color=&#8221;#212121&#8243; text_font_size=&#8221;17px&#8221; text_line_height=&#8221;1.5em&#8221; link_font=&#8221;Arial|300|||||||&#8221; link_text_color=&#8221;#0876b5&#8243; header_font_size=&#8221;24px&#8221; header_2_font=&#8221;||||||||&#8221; header_2_text_color=&#8221;#222222&#8243; header_2_font_size=&#8221;24px&#8221; header_3_font=&#8221;|||on|||||&#8221; header_3_text_color=&#8221;#141414&#8243; module_alignment=&#8221;center&#8221; custom_margin=&#8221;||20px||false|false&#8221; custom_padding=&#8221;20px|20px|20px|20px|true|true&#8221; hover_enabled=&#8221;0&#8243; header_2_font_size_tablet=&#8221;&#8221; header_2_font_size_phone=&#8221;23px&#8221; header_2_font_size_last_edited=&#8221;on|phone&#8221; border_width_all=&#8221;1px&#8221; border_color_all=&#8221;#EBEBEB&#8221; locked=&#8221;off&#8221; global_colors_info=&#8221;{}&#8221; theme_builder_area=&#8221;post_content&#8221; border_radii=&#8221;on|8px|8px|8px|8px&#8221; sticky_enabled=&#8221;0&#8243;]<\/p>\n<h3>3 faktorer som p\u00e5verkar elpriset<\/h3>\n<p><strong>Utbud:<\/strong> Finns det mer energi att k\u00f6pa blir det billigare. Det som fr\u00e4mst har betydelse f\u00f6r hur mycket energi som kan produceras i Sverige \u00e4r v\u00e4dret f\u00f6r vind- och vattenkraften och om k\u00e4rnkraftsreaktorerna kan g\u00e5 f\u00f6r fullt eller om de beh\u00f6ver vara avst\u00e4ngda f\u00f6r underh\u00e5ll.<\/p>\n<p><strong>Efterfr\u00e5gan:<\/strong> Under kalla vinterdagar anv\u00e4nds mer energi f\u00f6r uppv\u00e4rmning, vilket g\u00f6r att priset g\u00e5r upp. \u00c4ven hur kunderna sprider sin anv\u00e4ndning under dygnet spelar in. Exempelvis \u00e4r priset ofta h\u00f6gre p\u00e5 morgonen och tidig kv\u00e4ll n\u00e4r hush\u00e5llen anv\u00e4nder mer el.<\/p>\n<p><strong>Omv\u00e4rlden:<\/strong> Eftersom Sverige \u00e4r del av en europeisk elmarknad p\u00e5verkar tillg\u00e5ngen och efterfr\u00e5gan p\u00e5 el i v\u00e5ra grannl\u00e4nder priserna \u00e4ven h\u00e4r. Och precis som h\u00e4r spelar deras v\u00e4der en avg\u00f6rande roll f\u00f6r hur mycket de producerar och konsumerar. D\u00e5 de flesta l\u00e4nder i Europa har en mindre andel vattenkraft att ta till vid ogynnsamt v\u00e4der \u00e4r de mer utsatta f\u00f6r omv\u00e4rldsh\u00e4ndelser som p\u00e5verkar br\u00e4nslepriserna.<\/p>\n<p>[\/et_pb_text][et_pb_text _builder_version=&#8221;4.27.4&#8243; _module_preset=&#8221;default&#8221; text_font=&#8221;||||||||&#8221; custom_margin=&#8221;||27px||false|false&#8221; global_colors_info=&#8221;{}&#8221; theme_builder_area=&#8221;post_content&#8221;]<\/p>\n<p><a href=\"https:\/\/www.vattenfall.se\/elavtal\/\" target=\"_blank\" rel=\"noopener\">EXTERN L\u00c4NK: Teckna elavtal efter dina behov<\/a><\/p>\n<p>[\/et_pb_text][et_pb_text _builder_version=&#8221;4.27.4&#8243; _module_preset=&#8221;default&#8221; text_font=&#8221;||||||||&#8221; custom_margin=&#8221;||0px||false|false&#8221; global_colors_info=&#8221;{}&#8221; theme_builder_area=&#8221;post_content&#8221;]<\/p>\n<h2>Den fossilfria symfonin<\/h2>\n<p>[\/et_pb_text][et_pb_code _builder_version=&#8221;4.27.4&#8243; _module_preset=&#8221;default&#8221; custom_margin=&#8221;||10px||false|false&#8221; global_colors_info=&#8221;{}&#8221; theme_builder_area=&#8221;post_content&#8221; locked=&#8221;off&#8221;]<\/p>\n<div style=\"position:relative;padding-bottom:56.25%;padding-top:0;height:0;overflow:hidden;\"><iframe src=\"https:\/\/player.vimeo.com\/video\/1136866250?h=0a80534ef5&#038;badge=0&#038;autopause=0&#038;player_id=0&#038;app_id=58479&#038;autoplay=1&#038;muted=1\" frameborder=\"0\" allow=\"autoplay; fullscreen; picture-in-picture; clipboard-write; encrypted-media; web-share\" referrerpolicy=\"strict-origin-when-cross-origin\" style=\"position:absolute;top:0;left:0;width:100%;height:100%;\" title=\"ANNONS: Vattenfall - Den fossilfria symfonin\"><\/iframe><\/div>\n<p><script src=\"https:\/\/player.vimeo.com\/api\/player.js\"><\/script>[\/et_pb_code][et_pb_text module_class=&#8221;bildtext txt-sans&#8221; _builder_version=&#8221;4.27.4&#8243; _module_preset=&#8221;default&#8221; text_text_color=&#8221;#0D0D0D&#8221; text_font_size=&#8221;15px&#8221; text_line_height=&#8221;1.3em&#8221; custom_margin=&#8221;||||false|false&#8221; global_colors_info=&#8221;{}&#8221; theme_builder_area=&#8221;post_content&#8221;]Hur l\u00e5ter fossilfria elavtal? Komposit\u00f6ren Jacob M\u00fchlrad fick i uppgift att tolka 8 ljud och skapade d\u00e4refter \u201dDen fossilfria symfonin\u201d f\u00f6r Vattenfall.[\/et_pb_text][\/et_pb_column][\/et_pb_row][\/et_pb_section][et_pb_section fb_built=&#8221;1&#8243; fullwidth=&#8221;on&#8221; _builder_version=&#8221;4.27.4&#8243; _module_preset=&#8221;default&#8221; top_divider_style=&#8221;curve&#8221; top_divider_color=&#8221;#FFFFFF&#8221; top_divider_height=&#8221;20px&#8221; global_colors_info=&#8221;{}&#8221; theme_builder_area=&#8221;post_content&#8221;][et_pb_fullwidth_image src=&#8221;https:\/\/kampanj.dn.se\/vattenfall\/wp-content\/uploads\/2025\/11\/vattenfall-prognos-4-ny.jpg&#8221; title_text=&#8221;vattenfall-prognos-4-ny&#8221; _builder_version=&#8221;4.27.4&#8243; _module_preset=&#8221;default&#8221; global_colors_info=&#8221;{}&#8221; theme_builder_area=&#8221;post_content&#8221;][\/et_pb_fullwidth_image][\/et_pb_section]<\/p>\n","protected":false},"excerpt":{"rendered":"<p>Prognosen: Hur&nbsp;blir elpriset i vinter?Elpriset har sv\u00e4ngt kraftigt de senaste \u00e5ren \u2013 och inf\u00f6r vintern \u00e4r os\u00e4kerheten fortsatt stor. Vad \u00e4r det som avg\u00f6r vilka elpriser vi f\u00e5r, och hur b\u00f6r man t\u00e4nka som konsument?EXTERN L\u00c4NK: V\u00e4lj ett vinterv\u00e4nligt elavtalMed elkrisen 2022\/2023 i f\u00e4rskt minne \u00e4r det m\u00e5nga som oroar sig f\u00f6r h\u00f6ga elpriser i [&hellip;]<\/p>\n","protected":false},"author":1,"featured_media":175,"comment_status":"open","ping_status":"open","sticky":false,"template":"","format":"standard","meta":{"_et_pb_use_builder":"on","_et_pb_old_content":"","_et_gb_content_width":"","footnotes":""},"categories":[1],"tags":[],"class_list":["post-173","post","type-post","status-publish","format-standard","has-post-thumbnail","hentry","category-okategoriserade"],"_links":{"self":[{"href":"https:\/\/kampanj.dn.se\/vattenfall\/wp-json\/wp\/v2\/posts\/173","targetHints":{"allow":["GET"]}}],"collection":[{"href":"https:\/\/kampanj.dn.se\/vattenfall\/wp-json\/wp\/v2\/posts"}],"about":[{"href":"https:\/\/kampanj.dn.se\/vattenfall\/wp-json\/wp\/v2\/types\/post"}],"author":[{"embeddable":true,"href":"https:\/\/kampanj.dn.se\/vattenfall\/wp-json\/wp\/v2\/users\/1"}],"replies":[{"embeddable":true,"href":"https:\/\/kampanj.dn.se\/vattenfall\/wp-json\/wp\/v2\/comments?post=173"}],"version-history":[{"count":6,"href":"https:\/\/kampanj.dn.se\/vattenfall\/wp-json\/wp\/v2\/posts\/173\/revisions"}],"predecessor-version":[{"id":205,"href":"https:\/\/kampanj.dn.se\/vattenfall\/wp-json\/wp\/v2\/posts\/173\/revisions\/205"}],"wp:featuredmedia":[{"embeddable":true,"href":"https:\/\/kampanj.dn.se\/vattenfall\/wp-json\/wp\/v2\/media\/175"}],"wp:attachment":[{"href":"https:\/\/kampanj.dn.se\/vattenfall\/wp-json\/wp\/v2\/media?parent=173"}],"wp:term":[{"taxonomy":"category","embeddable":true,"href":"https:\/\/kampanj.dn.se\/vattenfall\/wp-json\/wp\/v2\/categories?post=173"},{"taxonomy":"post_tag","embeddable":true,"href":"https:\/\/kampanj.dn.se\/vattenfall\/wp-json\/wp\/v2\/tags?post=173"}],"curies":[{"name":"wp","href":"https:\/\/api.w.org\/{rel}","templated":true}]}}